{"id":765,"date":"2024-07-05T09:32:56","date_gmt":"2024-07-05T07:32:56","guid":{"rendered":"https:\/\/le-caillou.le-pic.org\/?p=765"},"modified":"2024-11-08T22:54:51","modified_gmt":"2024-11-08T21:54:51","slug":"aquarelles-gud","status":"publish","type":"post","link":"https:\/\/le-caillou.le-pic.org\/?p=765","title":{"rendered":"Gudrun"},"content":{"rendered":"\n<p class=\"wp-block-paragraph\"><strong>quelques textes sur des expositions de Gudrun<\/strong><\/p>\n\n\n\n<p class=\"wp-block-paragraph\"><strong>Exposition Gaillac Galerie Loin de l&rsquo;oeil<\/strong><\/p>\n\n\n\n<div data-wp-interactive=\"core\/file\" class=\"wp-block-file aligncenter\"><object data-wp-bind--hidden=\"!state.hasPdfPreview\" hidden class=\"wp-block-file__embed\" data=\"https:\/\/le-caillou.le-pic.org\/wp-content\/uploads\/2024\/09\/Gemalte_Gedanken.pdf\" type=\"application\/pdf\" style=\"width:100%;height:600px\" aria-label=\"Contenu embarqu\u00e9 Gemalte_Gedanken.\"><\/object><a id=\"wp-block-file--media-131f4abf-0922-48c0-8772-0fcde2bcb608\" href=\"https:\/\/le-caillou.le-pic.org\/wp-content\/uploads\/2024\/09\/Gemalte_Gedanken.pdf\">Gemalte_Gedanken<\/a><a href=\"https:\/\/le-caillou.le-pic.org\/wp-content\/uploads\/2024\/09\/Gemalte_Gedanken.pdf\" class=\"wp-block-file__button wp-element-button\" download aria-describedby=\"wp-block-file--media-131f4abf-0922-48c0-8772-0fcde2bcb608\">T\u00e9l\u00e9charger<\/a><\/div>\n\n\n\n<h1 class=\"wp-block-heading\">exposition Rodez<\/h1>\n\n\n\n<div data-wp-interactive=\"core\/file\" class=\"wp-block-file aligncenter\"><object data-wp-bind--hidden=\"!state.hasPdfPreview\" hidden class=\"wp-block-file__embed\" data=\"https:\/\/le-caillou.le-pic.org\/wp-content\/uploads\/2024\/09\/A-la-Menuiserie-Gudrun-Schwenk-a-devoile-ses-emotions-\u2013-Pause-Cafe.pdf\" type=\"application\/pdf\" style=\"width:100%;height:600px\" aria-label=\"Contenu embarqu\u00e9 \u00c0 la Menuiserie, Gudrun Schwenk a d\u00e9voil\u00e9 ses \u00e9motions \u2013 Pause Caf\u00e9.\"><\/object><a id=\"wp-block-file--media-1667fb80-4f1d-4323-8828-7b0bc21ac6d7\" href=\"https:\/\/le-caillou.le-pic.org\/wp-content\/uploads\/2024\/09\/A-la-Menuiserie-Gudrun-Schwenk-a-devoile-ses-emotions-\u2013-Pause-Cafe.pdf\">\u00c0 la Menuiserie, Gudrun Schwenk a d\u00e9voil\u00e9 ses \u00e9motions \u2013 Pause Caf\u00e9<\/a><a href=\"https:\/\/le-caillou.le-pic.org\/wp-content\/uploads\/2024\/09\/A-la-Menuiserie-Gudrun-Schwenk-a-devoile-ses-emotions-\u2013-Pause-Cafe.pdf\" class=\"wp-block-file__button wp-element-button\" download aria-describedby=\"wp-block-file--media-1667fb80-4f1d-4323-8828-7b0bc21ac6d7\">T\u00e9l\u00e9charger<\/a><\/div>\n\n\n\n<p class=\"wp-block-paragraph\"><\/p>\n\n\n\n<h2 class=\"wp-block-heading\">aquarelles de Gud<\/h2>\n\n\n<div class=\"wp-block-image\">\n<figure data-wp-context=\"{&quot;imageId&quot;:&quot;69ee26c0de155&quot;}\" data-wp-interactive=\"core\/image\" data-wp-key=\"69ee26c0de155\" class=\"aligncenter size-large wp-lightbox-container\"><img loading=\"lazy\" decoding=\"async\" width=\"1024\" height=\"576\" data-wp-class--hide=\"state.isContentHidden\" data-wp-class--show=\"state.isContentVisible\" data-wp-init=\"callbacks.setButtonStyles\" data-wp-on--click=\"actions.showLightbox\" data-wp-on--load=\"callbacks.setButtonStyles\" data-wp-on--pointerdown=\"actions.preloadImage\" data-wp-on--pointerenter=\"actions.preloadImageWithDelay\" data-wp-on--pointerleave=\"actions.cancelPreload\" data-wp-on-window--resize=\"callbacks.setButtonStyles\" src=\"https:\/\/le-caillou.le-pic.org\/wp-content\/uploads\/2024\/07\/P1120075-1024x576.jpg\" alt=\"\" class=\"wp-image-821\" srcset=\"https:\/\/le-caillou.le-pic.org\/wp-content\/uploads\/2024\/07\/P1120075-1024x576.jpg 1024w, https:\/\/le-caillou.le-pic.org\/wp-content\/uploads\/2024\/07\/P1120075-300x169.jpg 300w, https:\/\/le-caillou.le-pic.org\/wp-content\/uploads\/2024\/07\/P1120075-768x432.jpg 768w, https:\/\/le-caillou.le-pic.org\/wp-content\/uploads\/2024\/07\/P1120075.jpg 1189w\" sizes=\"auto, (max-width: 1024px) 100vw, 1024px\" \/><button\n\t\t\tclass=\"lightbox-trigger\"\n\t\t\ttype=\"button\"\n\t\t\taria-haspopup=\"dialog\"\n\t\t\tdata-wp-bind--aria-label=\"state.thisImage.triggerButtonAriaLabel\"\n\t\t\tdata-wp-init=\"callbacks.initTriggerButton\"\n\t\t\tdata-wp-on--click=\"actions.showLightbox\"\n\t\t\tdata-wp-style--right=\"state.thisImage.buttonRight\"\n\t\t\tdata-wp-style--top=\"state.thisImage.buttonTop\"\n\t\t>\n\t\t\t<svg xmlns=\"http:\/\/www.w3.org\/2000\/svg\" width=\"12\" height=\"12\" fill=\"none\" viewBox=\"0 0 12 12\">\n\t\t\t\t<path fill=\"#fff\" d=\"M2 0a2 2 0 0 0-2 2v2h1.5V2a.5.5 0 0 1 .5-.5h2V0H2Zm2 10.5H2a.5.5 0 0 1-.5-.5V8H0v2a2 2 0 0 0 2 2h2v-1.5ZM8 12v-1.5h2a.5.5 0 0 0 .5-.5V8H12v2a2 2 0 0 1-2 2H8Zm2-12a2 2 0 0 1 2 2v2h-1.5V2a.5.5 0 0 0-.5-.5H8V0h2Z\" \/>\n\t\t\t<\/svg>\n\t\t<\/button><figcaption class=\"wp-element-caption\">Gudrun. pr\u00e9paration expo Gaillac<\/figcaption><\/figure>\n<\/div>\n\n<div class=\"wp-block-image\">\n<figure class=\"aligncenter size-full is-resized\"><a href=\"https:\/\/le-caillou.le-pic.org\/wp-content\/uploads\/2024\/07\/expo-rod.jpg\"><img loading=\"lazy\" decoding=\"async\" width=\"900\" height=\"901\" src=\"https:\/\/le-caillou.le-pic.org\/wp-content\/uploads\/2024\/07\/expo-rod.jpg\" alt=\"\" class=\"wp-image-868\" style=\"width:663px;height:auto\" srcset=\"https:\/\/le-caillou.le-pic.org\/wp-content\/uploads\/2024\/07\/expo-rod.jpg 900w, https:\/\/le-caillou.le-pic.org\/wp-content\/uploads\/2024\/07\/expo-rod-300x300.jpg 300w, https:\/\/le-caillou.le-pic.org\/wp-content\/uploads\/2024\/07\/expo-rod-150x150.jpg 150w, https:\/\/le-caillou.le-pic.org\/wp-content\/uploads\/2024\/07\/expo-rod-768x769.jpg 768w\" sizes=\"auto, (max-width: 900px) 100vw, 900px\" \/><\/a><figcaption class=\"wp-element-caption\">Gudrun. expo-cahiers  la menuiserie  Rodez<\/figcaption><\/figure>\n<\/div>\n\n\n<figure class=\"wp-block-video\"><video height=\"600\" style=\"aspect-ratio: 800 \/ 600;\" width=\"800\" controls src=\"https:\/\/le-caillou.le-pic.org\/wp-content\/uploads\/2024\/07\/gudrun.webm\"><\/video><\/figure>\n\n\n<div class=\"wp-block-image\">\n<figure class=\"aligncenter size-full is-resized\"><a href=\"https:\/\/le-caillou.le-pic.org\/wp-content\/uploads\/2024\/07\/Gemalte_Gedanken-3.png\"><img loading=\"lazy\" decoding=\"async\" width=\"467\" height=\"891\" src=\"https:\/\/le-caillou.le-pic.org\/wp-content\/uploads\/2024\/07\/Gemalte_Gedanken-3.png\" alt=\"\" class=\"wp-image-1409\" style=\"width:565px;height:auto\" srcset=\"https:\/\/le-caillou.le-pic.org\/wp-content\/uploads\/2024\/07\/Gemalte_Gedanken-3.png 467w, https:\/\/le-caillou.le-pic.org\/wp-content\/uploads\/2024\/07\/Gemalte_Gedanken-3-157x300.png 157w\" sizes=\"auto, (max-width: 467px) 100vw, 467px\" \/><\/a><\/figure>\n<\/div>","protected":false},"excerpt":{"rendered":"<p>quelques textes sur des expositions de Gudrun Exposition Gaillac Galerie Loin de l&rsquo;oeil exposition Rodez aquarelles de Gud<\/p>\n","protected":false},"author":4,"featured_media":774,"comment_status":"closed","ping_status":"closed","sticky":false,"template":"","format":"standard","meta":{"_crdt_document":"","footnotes":""},"categories":[1],"tags":[],"class_list":["post-765","post","type-post","status-publish","format-standard","has-post-thumbnail","hentry","category-non-classe"],"_links":{"self":[{"href":"https:\/\/le-caillou.le-pic.org\/index.php?rest_route=\/wp\/v2\/posts\/765","targetHints":{"allow":["GET"]}}],"collection":[{"href":"https:\/\/le-caillou.le-pic.org\/index.php?rest_route=\/wp\/v2\/posts"}],"about":[{"href":"https:\/\/le-caillou.le-pic.org\/index.php?rest_route=\/wp\/v2\/types\/post"}],"author":[{"embeddable":true,"href":"https:\/\/le-caillou.le-pic.org\/index.php?rest_route=\/wp\/v2\/users\/4"}],"replies":[{"embeddable":true,"href":"https:\/\/le-caillou.le-pic.org\/index.php?rest_route=%2Fwp%2Fv2%2Fcomments&post=765"}],"version-history":[{"count":20,"href":"https:\/\/le-caillou.le-pic.org\/index.php?rest_route=\/wp\/v2\/posts\/765\/revisions"}],"predecessor-version":[{"id":1410,"href":"https:\/\/le-caillou.le-pic.org\/index.php?rest_route=\/wp\/v2\/posts\/765\/revisions\/1410"}],"wp:featuredmedia":[{"embeddable":true,"href":"https:\/\/le-caillou.le-pic.org\/index.php?rest_route=\/wp\/v2\/media\/774"}],"wp:attachment":[{"href":"https:\/\/le-caillou.le-pic.org\/index.php?rest_route=%2Fwp%2Fv2%2Fmedia&parent=765"}],"wp:term":[{"taxonomy":"category","embeddable":true,"href":"https:\/\/le-caillou.le-pic.org\/index.php?rest_route=%2Fwp%2Fv2%2Fcategories&post=765"},{"taxonomy":"post_tag","embeddable":true,"href":"https:\/\/le-caillou.le-pic.org\/index.php?rest_route=%2Fwp%2Fv2%2Ftags&post=765"}],"curies":[{"name":"wp","href":"https:\/\/api.w.org\/{rel}","templated":true}]}}